{"id":3515,"date":"2025-04-02T14:10:53","date_gmt":"2025-04-02T14:10:53","guid":{"rendered":"https:\/\/allaboutquarks.de\/?p=3515"},"modified":"2026-03-18T08:33:11","modified_gmt":"2026-03-18T08:33:11","slug":"sachsischer-schulinformatiktag-2025-in-dresden","status":"publish","type":"post","link":"https:\/\/allaboutquarks.de\/de\/sachsischer-schulinformatiktag-2025-in-dresden\/","title":{"rendered":"S\u00e4chsischer Schulinformatiktag 2025 in Dresden"},"content":{"rendered":"<p>Wir freuen uns, an der SIT 2025 teilgenommen zu haben, einem Netzwerktreffen f\u00fcr Informatiklehrer:innen, bei dem wir die Gelegenheit hatten, unsere innovativen L\u00f6sungen f\u00fcr die digitale Bildung zu pr\u00e4sentieren. Im Rahmen der Veranstaltung wurden zahlreiche Workshops angeboten, und wir freuten uns, mit den Teilnehmenden unseren Lehransatz und unsere Bildungsressourcen zu teilen, die die Qualit\u00e4t des Lernens in Schulen f\u00f6rdern sollen.<\/p>\n\n\n\n<p>In unserem Vortrag stellten wir die Inhalte und Methoden der Module vor, die wir Schulen im Rahmen unseres QUARKS-Programms anbieten. Wir untersuchten wichtige Themen f\u00fcr die digitale Zukunft, darunter:<\/p>\n\n\n\n<p>Unser Quantenlabor und die Einf\u00fchrung in Quantencomputer, eine Ressource, die Lehrer:innen und Sch\u00fcler:innen eine einzigartige Gelegenheit bietet, die Welt der neuen Technologien zu erkunden.<\/p>\n\n\n\n<p>Eine Diskussion \u00fcber die digitale Zukunft des Bildungswesens mit Schwerpunkt auf technologischen Entwicklungen und den zur Bew\u00e4ltigung k\u00fcnftiger Herausforderungen erforderlichen F\u00e4higkeiten.<\/p>\n\n\n\n<p>Das Programm ist so konzipiert, dass es auch f\u00fcr Lehrer:innen zug\u00e4nglich ist, die bisher keine Erfahrung mit Quantenf\u00e4chern hatten, um das Lernen \u00fcber diese Themen integrativer und anregender zu gestalten.<\/p>\n\n\n\n<figure class=\"wp-block-gallery has-nested-images columns-default is-cropped wp-block-gallery-1 is-layout-flex wp-block-gallery-is-layout-flex\"><\/figure>\n\n\n\n<p><\/p>","protected":false},"excerpt":{"rendered":"<p>We are pleased to have taken part in SIT 2025, a network meeting dedicated to computer science teachers, where we had the opportunity to present our innovative solutions for digital [&hellip;]<\/p>\n","protected":false},"author":6,"featured_media":3516,"comment_status":"closed","ping_status":"closed","sticky":true,"template":"","format":"standard","meta":{"inline_featured_image":false,"footnotes":""},"categories":[9],"tags":[41],"class_list":["post-3515","post","type-post","status-publish","format-standard","has-post-thumbnail","hentry","category-education","tag-schools"],"yoast_head":"<!-- This site is optimized with the Yoast SEO plugin v27.2 - https:\/\/yoast.com\/product\/yoast-seo-wordpress\/ -->\n<title>S\u00e4chsischer Schulinformatiktag 2025 in Dresden - QUARKS<\/title>\n<meta name=\"description\" content=\"QUARKS joins the Saxon School Informatics Day to show students how quantum tech fits into the digital future.\" \/>\n<meta name=\"robots\" content=\"index, follow, max-snippet:-1, max-image-preview:large, max-video-preview:-1\" \/>\n<link rel=\"canonical\" href=\"https:\/\/allaboutquarks.de\/de\/sachsischer-schulinformatiktag-2025-in-dresden\/\" \/>\n<meta property=\"og:locale\" content=\"de_DE\" \/>\n<meta property=\"og:type\" content=\"article\" \/>\n<meta property=\"og:title\" content=\"S\u00e4chsischer Schulinformatiktag 2025 in Dresden - QUARKS\" \/>\n<meta property=\"og:description\" content=\"QUARKS joins the Saxon School Informatics Day to show students how quantum tech fits into the digital future.\" \/>\n<meta property=\"og:url\" content=\"https:\/\/allaboutquarks.de\/de\/sachsischer-schulinformatiktag-2025-in-dresden\/\" \/>\n<meta property=\"og:site_name\" content=\"QUARKS\" \/>\n<meta property=\"article:published_time\" content=\"2025-04-02T14:10:53+00:00\" \/>\n<meta property=\"article:modified_time\" content=\"2026-03-18T08:33:11+00:00\" \/>\n<meta property=\"og:image\" content=\"https:\/\/allaboutquarks.de\/wp-content\/uploads\/2025\/04\/JNIQ6657-scaled.jpeg\" \/>\n\t<meta property=\"og:image:width\" content=\"2560\" \/>\n\t<meta property=\"og:image:height\" content=\"1920\" \/>\n\t<meta property=\"og:image:type\" content=\"image\/jpeg\" \/>\n<meta name=\"author\" content=\"Marta Di Fronzo\" \/>\n<meta name=\"twitter:card\" content=\"summary_large_image\" \/>\n<meta name=\"twitter:creator\" content=\"@allaboutquarks\" \/>\n<meta name=\"twitter:site\" content=\"@allaboutquarks\" \/>\n<meta name=\"twitter:label1\" content=\"Verfasst von\" \/>\n\t<meta name=\"twitter:data1\" content=\"Marta Di Fronzo\" \/>\n\t<meta name=\"twitter:label2\" content=\"Gesch\u00e4tzte Lesezeit\" \/>\n\t<meta name=\"twitter:data2\" content=\"1\u00a0Minute\" \/>\n<script type=\"application\/ld+json\" class=\"yoast-schema-graph\">{\"@context\":\"https:\/\/schema.org\",\"@graph\":[{\"@type\":\"Article\",\"@id\":\"https:\/\/allaboutquarks.de\/sachsischer-schulinformatiktag-2025-in-dresden\/#article\",\"isPartOf\":{\"@id\":\"https:\/\/allaboutquarks.de\/sachsischer-schulinformatiktag-2025-in-dresden\/\"},\"author\":{\"name\":\"Marta Di Fronzo\",\"@id\":\"https:\/\/allaboutquarks.de\/#\/schema\/person\/05eb1b68f0cc38929248d2a0b37c652f\"},\"headline\":\"S\u00e4chsischer Schulinformatiktag 2025 in Dresden\",\"datePublished\":\"2025-04-02T14:10:53+00:00\",\"dateModified\":\"2026-03-18T08:33:11+00:00\",\"mainEntityOfPage\":{\"@id\":\"https:\/\/allaboutquarks.de\/sachsischer-schulinformatiktag-2025-in-dresden\/\"},\"wordCount\":170,\"publisher\":{\"@id\":\"https:\/\/allaboutquarks.de\/#organization\"},\"image\":{\"@id\":\"https:\/\/allaboutquarks.de\/sachsischer-schulinformatiktag-2025-in-dresden\/#primaryimage\"},\"thumbnailUrl\":\"https:\/\/allaboutquarks.de\/wp-content\/uploads\/2025\/04\/JNIQ6657-scaled.jpeg\",\"keywords\":[\"schools\"],\"articleSection\":[\"Education\"],\"inLanguage\":\"de\"},{\"@type\":\"WebPage\",\"@id\":\"https:\/\/allaboutquarks.de\/sachsischer-schulinformatiktag-2025-in-dresden\/\",\"url\":\"https:\/\/allaboutquarks.de\/sachsischer-schulinformatiktag-2025-in-dresden\/\",\"name\":\"S\u00e4chsischer Schulinformatiktag 2025 in Dresden - QUARKS\",\"isPartOf\":{\"@id\":\"https:\/\/allaboutquarks.de\/#website\"},\"primaryImageOfPage\":{\"@id\":\"https:\/\/allaboutquarks.de\/sachsischer-schulinformatiktag-2025-in-dresden\/#primaryimage\"},\"image\":{\"@id\":\"https:\/\/allaboutquarks.de\/sachsischer-schulinformatiktag-2025-in-dresden\/#primaryimage\"},\"thumbnailUrl\":\"https:\/\/allaboutquarks.de\/wp-content\/uploads\/2025\/04\/JNIQ6657-scaled.jpeg\",\"datePublished\":\"2025-04-02T14:10:53+00:00\",\"dateModified\":\"2026-03-18T08:33:11+00:00\",\"description\":\"QUARKS joins the Saxon School Informatics Day to show students how quantum tech fits into the digital future.\",\"breadcrumb\":{\"@id\":\"https:\/\/allaboutquarks.de\/sachsischer-schulinformatiktag-2025-in-dresden\/#breadcrumb\"},\"inLanguage\":\"de\",\"potentialAction\":[{\"@type\":\"ReadAction\",\"target\":[\"https:\/\/allaboutquarks.de\/sachsischer-schulinformatiktag-2025-in-dresden\/\"]}]},{\"@type\":\"ImageObject\",\"inLanguage\":\"de\",\"@id\":\"https:\/\/allaboutquarks.de\/sachsischer-schulinformatiktag-2025-in-dresden\/#primaryimage\",\"url\":\"https:\/\/allaboutquarks.de\/wp-content\/uploads\/2025\/04\/JNIQ6657-scaled.jpeg\",\"contentUrl\":\"https:\/\/allaboutquarks.de\/wp-content\/uploads\/2025\/04\/JNIQ6657-scaled.jpeg\",\"width\":2560,\"height\":1920},{\"@type\":\"BreadcrumbList\",\"@id\":\"https:\/\/allaboutquarks.de\/sachsischer-schulinformatiktag-2025-in-dresden\/#breadcrumb\",\"itemListElement\":[{\"@type\":\"ListItem\",\"position\":1,\"name\":\"Home\",\"item\":\"https:\/\/allaboutquarks.de\/\"},{\"@type\":\"ListItem\",\"position\":2,\"name\":\"S\u00e4chsischer Schulinformatiktag 2025 in Dresden\"}]},{\"@type\":\"WebSite\",\"@id\":\"https:\/\/allaboutquarks.de\/#website\",\"url\":\"https:\/\/allaboutquarks.de\/\",\"name\":\"All about QUARKS\",\"description\":\"QRK\",\"publisher\":{\"@id\":\"https:\/\/allaboutquarks.de\/#organization\"},\"potentialAction\":[{\"@type\":\"SearchAction\",\"target\":{\"@type\":\"EntryPoint\",\"urlTemplate\":\"https:\/\/allaboutquarks.de\/?s={search_term_string}\"},\"query-input\":{\"@type\":\"PropertyValueSpecification\",\"valueRequired\":true,\"valueName\":\"search_term_string\"}}],\"inLanguage\":\"de\"},{\"@type\":\"Organization\",\"@id\":\"https:\/\/allaboutquarks.de\/#organization\",\"name\":\"QUARKS \u2013 Quantum Communication Networks\",\"alternateName\":\"QUARKS\",\"url\":\"https:\/\/allaboutquarks.de\/\",\"logo\":{\"@type\":\"ImageObject\",\"inLanguage\":\"de\",\"@id\":\"https:\/\/allaboutquarks.de\/#\/schema\/logo\/image\/\",\"url\":\"https:\/\/allaboutquarks.de\/wp-content\/uploads\/2025\/02\/20241218_QRK_Logo-Subline_wht-bkl_screen.png\",\"contentUrl\":\"https:\/\/allaboutquarks.de\/wp-content\/uploads\/2025\/02\/20241218_QRK_Logo-Subline_wht-bkl_screen.png\",\"width\":9540,\"height\":2973,\"caption\":\"QUARKS \u2013 Quantum Communication Networks\"},\"image\":{\"@id\":\"https:\/\/allaboutquarks.de\/#\/schema\/logo\/image\/\"},\"sameAs\":[\"https:\/\/x.com\/allaboutquarks\",\"https:\/\/www.linkedin.com\/company\/allaboutquarks\",\"https:\/\/www.instagram.com\/allaboutquarks\/\"]},{\"@type\":\"Person\",\"@id\":\"https:\/\/allaboutquarks.de\/#\/schema\/person\/05eb1b68f0cc38929248d2a0b37c652f\",\"name\":\"Marta Di Fronzo\",\"image\":{\"@type\":\"ImageObject\",\"inLanguage\":\"de\",\"@id\":\"https:\/\/secure.gravatar.com\/avatar\/e6a676cc66f3f8d332a56e953f316ce1924ed558166fb2a1cd002f0459e3fa15?s=96&d=mm&r=g\",\"url\":\"https:\/\/secure.gravatar.com\/avatar\/e6a676cc66f3f8d332a56e953f316ce1924ed558166fb2a1cd002f0459e3fa15?s=96&d=mm&r=g\",\"contentUrl\":\"https:\/\/secure.gravatar.com\/avatar\/e6a676cc66f3f8d332a56e953f316ce1924ed558166fb2a1cd002f0459e3fa15?s=96&d=mm&r=g\",\"caption\":\"Marta Di Fronzo\"},\"url\":\"https:\/\/allaboutquarks.de\/de\/author\/marta\/\"}]}<\/script>\n<!-- \/ Yoast SEO plugin. -->","yoast_head_json":{"title":"S\u00e4chsischer Schulinformatiktag 2025 in Dresden - QUARKS","description":"QUARKS joins the Saxon School Informatics Day to show students how quantum tech fits into the digital future.","robots":{"index":"index","follow":"follow","max-snippet":"max-snippet:-1","max-image-preview":"max-image-preview:large","max-video-preview":"max-video-preview:-1"},"canonical":"https:\/\/allaboutquarks.de\/de\/sachsischer-schulinformatiktag-2025-in-dresden\/","og_locale":"de_DE","og_type":"article","og_title":"S\u00e4chsischer Schulinformatiktag 2025 in Dresden - QUARKS","og_description":"QUARKS joins the Saxon School Informatics Day to show students how quantum tech fits into the digital future.","og_url":"https:\/\/allaboutquarks.de\/de\/sachsischer-schulinformatiktag-2025-in-dresden\/","og_site_name":"QUARKS","article_published_time":"2025-04-02T14:10:53+00:00","article_modified_time":"2026-03-18T08:33:11+00:00","og_image":[{"width":2560,"height":1920,"url":"https:\/\/allaboutquarks.de\/wp-content\/uploads\/2025\/04\/JNIQ6657-scaled.jpeg","type":"image\/jpeg"}],"author":"Marta Di Fronzo","twitter_card":"summary_large_image","twitter_creator":"@allaboutquarks","twitter_site":"@allaboutquarks","twitter_misc":{"Verfasst von":"Marta Di Fronzo","Gesch\u00e4tzte Lesezeit":"1\u00a0Minute"},"schema":{"@context":"https:\/\/schema.org","@graph":[{"@type":"Article","@id":"https:\/\/allaboutquarks.de\/sachsischer-schulinformatiktag-2025-in-dresden\/#article","isPartOf":{"@id":"https:\/\/allaboutquarks.de\/sachsischer-schulinformatiktag-2025-in-dresden\/"},"author":{"name":"Marta Di Fronzo","@id":"https:\/\/allaboutquarks.de\/#\/schema\/person\/05eb1b68f0cc38929248d2a0b37c652f"},"headline":"S\u00e4chsischer Schulinformatiktag 2025 in Dresden","datePublished":"2025-04-02T14:10:53+00:00","dateModified":"2026-03-18T08:33:11+00:00","mainEntityOfPage":{"@id":"https:\/\/allaboutquarks.de\/sachsischer-schulinformatiktag-2025-in-dresden\/"},"wordCount":170,"publisher":{"@id":"https:\/\/allaboutquarks.de\/#organization"},"image":{"@id":"https:\/\/allaboutquarks.de\/sachsischer-schulinformatiktag-2025-in-dresden\/#primaryimage"},"thumbnailUrl":"https:\/\/allaboutquarks.de\/wp-content\/uploads\/2025\/04\/JNIQ6657-scaled.jpeg","keywords":["schools"],"articleSection":["Education"],"inLanguage":"de"},{"@type":"WebPage","@id":"https:\/\/allaboutquarks.de\/sachsischer-schulinformatiktag-2025-in-dresden\/","url":"https:\/\/allaboutquarks.de\/sachsischer-schulinformatiktag-2025-in-dresden\/","name":"S\u00e4chsischer Schulinformatiktag 2025 in Dresden - QUARKS","isPartOf":{"@id":"https:\/\/allaboutquarks.de\/#website"},"primaryImageOfPage":{"@id":"https:\/\/allaboutquarks.de\/sachsischer-schulinformatiktag-2025-in-dresden\/#primaryimage"},"image":{"@id":"https:\/\/allaboutquarks.de\/sachsischer-schulinformatiktag-2025-in-dresden\/#primaryimage"},"thumbnailUrl":"https:\/\/allaboutquarks.de\/wp-content\/uploads\/2025\/04\/JNIQ6657-scaled.jpeg","datePublished":"2025-04-02T14:10:53+00:00","dateModified":"2026-03-18T08:33:11+00:00","description":"QUARKS joins the Saxon School Informatics Day to show students how quantum tech fits into the digital future.","breadcrumb":{"@id":"https:\/\/allaboutquarks.de\/sachsischer-schulinformatiktag-2025-in-dresden\/#breadcrumb"},"inLanguage":"de","potentialAction":[{"@type":"ReadAction","target":["https:\/\/allaboutquarks.de\/sachsischer-schulinformatiktag-2025-in-dresden\/"]}]},{"@type":"ImageObject","inLanguage":"de","@id":"https:\/\/allaboutquarks.de\/sachsischer-schulinformatiktag-2025-in-dresden\/#primaryimage","url":"https:\/\/allaboutquarks.de\/wp-content\/uploads\/2025\/04\/JNIQ6657-scaled.jpeg","contentUrl":"https:\/\/allaboutquarks.de\/wp-content\/uploads\/2025\/04\/JNIQ6657-scaled.jpeg","width":2560,"height":1920},{"@type":"BreadcrumbList","@id":"https:\/\/allaboutquarks.de\/sachsischer-schulinformatiktag-2025-in-dresden\/#breadcrumb","itemListElement":[{"@type":"ListItem","position":1,"name":"Home","item":"https:\/\/allaboutquarks.de\/"},{"@type":"ListItem","position":2,"name":"S\u00e4chsischer Schulinformatiktag 2025 in Dresden"}]},{"@type":"WebSite","@id":"https:\/\/allaboutquarks.de\/#website","url":"https:\/\/allaboutquarks.de\/","name":"All about QUARKS","description":"QRK","publisher":{"@id":"https:\/\/allaboutquarks.de\/#organization"},"potentialAction":[{"@type":"SearchAction","target":{"@type":"EntryPoint","urlTemplate":"https:\/\/allaboutquarks.de\/?s={search_term_string}"},"query-input":{"@type":"PropertyValueSpecification","valueRequired":true,"valueName":"search_term_string"}}],"inLanguage":"de"},{"@type":"Organization","@id":"https:\/\/allaboutquarks.de\/#organization","name":"QUARKS \u2013 Quantum Communication Networks","alternateName":"QUARKS","url":"https:\/\/allaboutquarks.de\/","logo":{"@type":"ImageObject","inLanguage":"de","@id":"https:\/\/allaboutquarks.de\/#\/schema\/logo\/image\/","url":"https:\/\/allaboutquarks.de\/wp-content\/uploads\/2025\/02\/20241218_QRK_Logo-Subline_wht-bkl_screen.png","contentUrl":"https:\/\/allaboutquarks.de\/wp-content\/uploads\/2025\/02\/20241218_QRK_Logo-Subline_wht-bkl_screen.png","width":9540,"height":2973,"caption":"QUARKS \u2013 Quantum Communication Networks"},"image":{"@id":"https:\/\/allaboutquarks.de\/#\/schema\/logo\/image\/"},"sameAs":["https:\/\/x.com\/allaboutquarks","https:\/\/www.linkedin.com\/company\/allaboutquarks","https:\/\/www.instagram.com\/allaboutquarks\/"]},{"@type":"Person","@id":"https:\/\/allaboutquarks.de\/#\/schema\/person\/05eb1b68f0cc38929248d2a0b37c652f","name":"Marta Di Fronzo","image":{"@type":"ImageObject","inLanguage":"de","@id":"https:\/\/secure.gravatar.com\/avatar\/e6a676cc66f3f8d332a56e953f316ce1924ed558166fb2a1cd002f0459e3fa15?s=96&d=mm&r=g","url":"https:\/\/secure.gravatar.com\/avatar\/e6a676cc66f3f8d332a56e953f316ce1924ed558166fb2a1cd002f0459e3fa15?s=96&d=mm&r=g","contentUrl":"https:\/\/secure.gravatar.com\/avatar\/e6a676cc66f3f8d332a56e953f316ce1924ed558166fb2a1cd002f0459e3fa15?s=96&d=mm&r=g","caption":"Marta Di Fronzo"},"url":"https:\/\/allaboutquarks.de\/de\/author\/marta\/"}]}},"_links":{"self":[{"href":"https:\/\/allaboutquarks.de\/de\/wp-json\/wp\/v2\/posts\/3515","targetHints":{"allow":["GET"]}}],"collection":[{"href":"https:\/\/allaboutquarks.de\/de\/wp-json\/wp\/v2\/posts"}],"about":[{"href":"https:\/\/allaboutquarks.de\/de\/wp-json\/wp\/v2\/types\/post"}],"author":[{"embeddable":true,"href":"https:\/\/allaboutquarks.de\/de\/wp-json\/wp\/v2\/users\/6"}],"replies":[{"embeddable":true,"href":"https:\/\/allaboutquarks.de\/de\/wp-json\/wp\/v2\/comments?post=3515"}],"version-history":[{"count":0,"href":"https:\/\/allaboutquarks.de\/de\/wp-json\/wp\/v2\/posts\/3515\/revisions"}],"wp:featuredmedia":[{"embeddable":true,"href":"https:\/\/allaboutquarks.de\/de\/wp-json\/wp\/v2\/media\/3516"}],"wp:attachment":[{"href":"https:\/\/allaboutquarks.de\/de\/wp-json\/wp\/v2\/media?parent=3515"}],"wp:term":[{"taxonomy":"category","embeddable":true,"href":"https:\/\/allaboutquarks.de\/de\/wp-json\/wp\/v2\/categories?post=3515"},{"taxonomy":"post_tag","embeddable":true,"href":"https:\/\/allaboutquarks.de\/de\/wp-json\/wp\/v2\/tags?post=3515"}],"curies":[{"name":"wp","href":"https:\/\/api.w.org\/{rel}","templated":true}]}}