{"id":7925,"date":"2026-03-10T15:20:39","date_gmt":"2026-03-10T15:20:39","guid":{"rendered":"https:\/\/allaboutquarks.de\/?p=7925"},"modified":"2026-03-18T08:33:09","modified_gmt":"2026-03-18T08:33:09","slug":"quarks-inted2026-valencia","status":"publish","type":"post","link":"https:\/\/allaboutquarks.de\/de\/quarks-inted2026-valencia\/","title":{"rendered":"Gr\u00fc\u00dfe aus Valencia: QUARKS auf der INTED 2026"},"content":{"rendered":"<p><\/p>\n\n\n\n<p class=\"has-text-align-left\">Das Team von \u201eAll about QUARKS\u201c war dieses Jahr auf der internationalen Bildungskonferenz INTED2026 in Valencia vertreten. Jessica Gollmann nahm im Namen von Vivian Hoffmann und dem Projekt an der Konferenz teil, die weithin als globale Drehscheibe f\u00fcr die neuesten Entwicklungen und Innovationen im Bereich Bildung und Bildungsentwicklung anerkannt ist. Die diesj\u00e4hrige Veranstaltung war etwas ganz Besonderes, da INTED sein 20-j\u00e4hriges Jubil\u00e4um feierte und P\u00e4dagog:innen und Forscher:innen aus aller Welt zusammenbrachte.<\/p>\n\n\n\n<p>Jessica Gollmann nahm nicht nur an der Konferenz teil, sondern \u00fcbernahm auch eine aktive Rolle im Programm. Am Dienstag fungierte sie als Sitzungsvorsitzende f\u00fcr eine Sitzung zum Thema \u201eTutoring &amp; Coaching\u201c und moderierte Diskussionen und den Austausch \u00fcber Strategien zur Unterst\u00fctzung von Studierenden und Nachwuchswissenschaftlern.<\/p>\n\n\n\n<p>Ein wichtiger H\u00f6hepunkt f\u00fcr das QUARKS-Team war die Pr\u00e4sentation des Artikels:<\/p>\n\n\n\n<p>\u201cBuilding Bridges to the Quantum Future: Early Results from a Mentoring Program for the Emerging Quantum Workforce\u201d (Hoffmann et al., 2025).<\/p>\n\n\n\n<p>Der Artikel pr\u00e4sentiert erste Ergebnisse einer Mentoring-Initiative, die darauf abzielt, die n\u00e4chste Generation von Quantenfachleuten zu unterst\u00fctzen und Studierende und junge Forscher auf ihre zuk\u00fcnftige Karriere im sich rasch entwickelnden Bereich der Quantentechnologien vorzubereiten.<\/p>\n\n\n\n<p>Die Teilnahme an der INTED2026 bot eine hervorragende Gelegenheit, unsere Forschungsergebnisse einem internationalen Publikum vorzustellen, Ideen mit der globalen Bildungsgemeinschaft auszutauschen und neue Einblicke in innovative Ans\u00e4tze f\u00fcr die Ausbildung der zuk\u00fcnftigen Quantenfachkr\u00e4fte zu gewinnen.<\/p>\n\n\n\n<p class=\"has-text-align-left\">Gemeinsam bauen wir weiter Br\u00fccken in die Quanten-Zukunft.<\/p>","protected":false},"excerpt":{"rendered":"<p>The all about QUARKS team was represented this year at the international education conference INTED2026 in Valencia. Jessica Gollmann attended the conference on behalf of Vivian Hoffmann and the project, [&hellip;]<\/p>\n","protected":false},"author":12,"featured_media":7926,"comment_status":"closed","ping_status":"closed","sticky":false,"template":"","format":"standard","meta":{"inline_featured_image":false,"footnotes":""},"categories":[13],"tags":[42],"class_list":["post-7925","post","type-post","status-publish","format-standard","has-post-thumbnail","hentry","category-events","tag-society"],"yoast_head":"<!-- This site is optimized with the Yoast SEO plugin v27.2 - https:\/\/yoast.com\/product\/yoast-seo-wordpress\/ -->\n<title>Greetings from Valencia: QUARKS at INTED 2026 - QUARKS<\/title>\n<meta name=\"description\" content=\"The all about QUARKS team from TU Dresden presented their mentoring research for the emerging quantum workforce at the international INTED2026 education conference in Valencia.\" \/>\n<meta name=\"robots\" content=\"index, follow, max-snippet:-1, max-image-preview:large, max-video-preview:-1\" \/>\n<link rel=\"canonical\" href=\"https:\/\/allaboutquarks.de\/de\/quarks-inted2026-valencia\/\" \/>\n<meta property=\"og:locale\" content=\"de_DE\" \/>\n<meta property=\"og:type\" content=\"article\" \/>\n<meta property=\"og:title\" content=\"Greetings from Valencia: QUARKS at INTED 2026 - QUARKS\" \/>\n<meta property=\"og:description\" content=\"The all about QUARKS team from TU Dresden presented their mentoring research for the emerging quantum workforce at the international INTED2026 education conference in Valencia.\" \/>\n<meta property=\"og:url\" content=\"https:\/\/allaboutquarks.de\/de\/quarks-inted2026-valencia\/\" \/>\n<meta property=\"og:site_name\" content=\"QUARKS\" \/>\n<meta property=\"article:published_time\" content=\"2026-03-10T15:20:39+00:00\" \/>\n<meta property=\"article:modified_time\" content=\"2026-03-18T08:33:09+00:00\" \/>\n<meta property=\"og:image\" content=\"https:\/\/allaboutquarks.de\/wp-content\/uploads\/2026\/03\/INTED-bearbeitet.jpg\" \/>\n\t<meta property=\"og:image:width\" content=\"1024\" \/>\n\t<meta property=\"og:image:height\" content=\"768\" \/>\n\t<meta property=\"og:image:type\" content=\"image\/jpeg\" \/>\n<meta name=\"author\" content=\"Sarah M\u00fchlbach\" \/>\n<meta name=\"twitter:card\" content=\"summary_large_image\" \/>\n<meta name=\"twitter:creator\" content=\"@allaboutquarks\" \/>\n<meta name=\"twitter:site\" content=\"@allaboutquarks\" \/>\n<meta name=\"twitter:label1\" content=\"Verfasst von\" \/>\n\t<meta name=\"twitter:data1\" content=\"Sarah M\u00fchlbach\" \/>\n\t<meta name=\"twitter:label2\" content=\"Gesch\u00e4tzte Lesezeit\" \/>\n\t<meta name=\"twitter:data2\" content=\"2\u00a0Minuten\" \/>\n<script type=\"application\/ld+json\" class=\"yoast-schema-graph\">{\"@context\":\"https:\/\/schema.org\",\"@graph\":[{\"@type\":\"Article\",\"@id\":\"https:\/\/allaboutquarks.de\/quarks-inted2026-valencia\/#article\",\"isPartOf\":{\"@id\":\"https:\/\/allaboutquarks.de\/quarks-inted2026-valencia\/\"},\"author\":{\"name\":\"Sarah M\u00fchlbach\",\"@id\":\"https:\/\/allaboutquarks.de\/#\/schema\/person\/4c1a63dc67d87963d8d0074c767f477d\"},\"headline\":\"Greetings from Valencia: QUARKS at INTED 2026\",\"datePublished\":\"2026-03-10T15:20:39+00:00\",\"dateModified\":\"2026-03-18T08:33:09+00:00\",\"mainEntityOfPage\":{\"@id\":\"https:\/\/allaboutquarks.de\/quarks-inted2026-valencia\/\"},\"wordCount\":234,\"publisher\":{\"@id\":\"https:\/\/allaboutquarks.de\/#organization\"},\"image\":{\"@id\":\"https:\/\/allaboutquarks.de\/quarks-inted2026-valencia\/#primaryimage\"},\"thumbnailUrl\":\"https:\/\/allaboutquarks.de\/wp-content\/uploads\/2026\/03\/INTED-bearbeitet.jpg\",\"keywords\":[\"society\"],\"articleSection\":[\"Events\"],\"inLanguage\":\"de\"},{\"@type\":\"WebPage\",\"@id\":\"https:\/\/allaboutquarks.de\/quarks-inted2026-valencia\/\",\"url\":\"https:\/\/allaboutquarks.de\/quarks-inted2026-valencia\/\",\"name\":\"Greetings from Valencia: QUARKS at INTED 2026 - QUARKS\",\"isPartOf\":{\"@id\":\"https:\/\/allaboutquarks.de\/#website\"},\"primaryImageOfPage\":{\"@id\":\"https:\/\/allaboutquarks.de\/quarks-inted2026-valencia\/#primaryimage\"},\"image\":{\"@id\":\"https:\/\/allaboutquarks.de\/quarks-inted2026-valencia\/#primaryimage\"},\"thumbnailUrl\":\"https:\/\/allaboutquarks.de\/wp-content\/uploads\/2026\/03\/INTED-bearbeitet.jpg\",\"datePublished\":\"2026-03-10T15:20:39+00:00\",\"dateModified\":\"2026-03-18T08:33:09+00:00\",\"description\":\"The all about QUARKS team from TU Dresden presented their mentoring research for the emerging quantum workforce at the international INTED2026 education conference in Valencia.\",\"breadcrumb\":{\"@id\":\"https:\/\/allaboutquarks.de\/quarks-inted2026-valencia\/#breadcrumb\"},\"inLanguage\":\"de\",\"potentialAction\":[{\"@type\":\"ReadAction\",\"target\":[\"https:\/\/allaboutquarks.de\/quarks-inted2026-valencia\/\"]}]},{\"@type\":\"ImageObject\",\"inLanguage\":\"de\",\"@id\":\"https:\/\/allaboutquarks.de\/quarks-inted2026-valencia\/#primaryimage\",\"url\":\"https:\/\/allaboutquarks.de\/wp-content\/uploads\/2026\/03\/INTED-bearbeitet.jpg\",\"contentUrl\":\"https:\/\/allaboutquarks.de\/wp-content\/uploads\/2026\/03\/INTED-bearbeitet.jpg\",\"width\":1024,\"height\":768},{\"@type\":\"BreadcrumbList\",\"@id\":\"https:\/\/allaboutquarks.de\/quarks-inted2026-valencia\/#breadcrumb\",\"itemListElement\":[{\"@type\":\"ListItem\",\"position\":1,\"name\":\"Home\",\"item\":\"https:\/\/allaboutquarks.de\/\"},{\"@type\":\"ListItem\",\"position\":2,\"name\":\"Greetings from Valencia: QUARKS at INTED 2026\"}]},{\"@type\":\"WebSite\",\"@id\":\"https:\/\/allaboutquarks.de\/#website\",\"url\":\"https:\/\/allaboutquarks.de\/\",\"name\":\"All about QUARKS\",\"description\":\"QRK\",\"publisher\":{\"@id\":\"https:\/\/allaboutquarks.de\/#organization\"},\"potentialAction\":[{\"@type\":\"SearchAction\",\"target\":{\"@type\":\"EntryPoint\",\"urlTemplate\":\"https:\/\/allaboutquarks.de\/?s={search_term_string}\"},\"query-input\":{\"@type\":\"PropertyValueSpecification\",\"valueRequired\":true,\"valueName\":\"search_term_string\"}}],\"inLanguage\":\"de\"},{\"@type\":\"Organization\",\"@id\":\"https:\/\/allaboutquarks.de\/#organization\",\"name\":\"QUARKS \u2013 Quantum Communication Networks\",\"alternateName\":\"QUARKS\",\"url\":\"https:\/\/allaboutquarks.de\/\",\"logo\":{\"@type\":\"ImageObject\",\"inLanguage\":\"de\",\"@id\":\"https:\/\/allaboutquarks.de\/#\/schema\/logo\/image\/\",\"url\":\"https:\/\/allaboutquarks.de\/wp-content\/uploads\/2025\/02\/20241218_QRK_Logo-Subline_wht-bkl_screen.png\",\"contentUrl\":\"https:\/\/allaboutquarks.de\/wp-content\/uploads\/2025\/02\/20241218_QRK_Logo-Subline_wht-bkl_screen.png\",\"width\":9540,\"height\":2973,\"caption\":\"QUARKS \u2013 Quantum Communication Networks\"},\"image\":{\"@id\":\"https:\/\/allaboutquarks.de\/#\/schema\/logo\/image\/\"},\"sameAs\":[\"https:\/\/x.com\/allaboutquarks\",\"https:\/\/www.linkedin.com\/company\/allaboutquarks\",\"https:\/\/www.instagram.com\/allaboutquarks\/\"]},{\"@type\":\"Person\",\"@id\":\"https:\/\/allaboutquarks.de\/#\/schema\/person\/4c1a63dc67d87963d8d0074c767f477d\",\"name\":\"Sarah M\u00fchlbach\",\"image\":{\"@type\":\"ImageObject\",\"inLanguage\":\"de\",\"@id\":\"https:\/\/secure.gravatar.com\/avatar\/27d44e0841a38e2a7fe29b5aecb7f929b436e58c6c7d048ed2c5475f03a5f22f?s=96&d=mm&r=g\",\"url\":\"https:\/\/secure.gravatar.com\/avatar\/27d44e0841a38e2a7fe29b5aecb7f929b436e58c6c7d048ed2c5475f03a5f22f?s=96&d=mm&r=g\",\"contentUrl\":\"https:\/\/secure.gravatar.com\/avatar\/27d44e0841a38e2a7fe29b5aecb7f929b436e58c6c7d048ed2c5475f03a5f22f?s=96&d=mm&r=g\",\"caption\":\"Sarah M\u00fchlbach\"},\"url\":\"https:\/\/allaboutquarks.de\/de\/author\/sarahm\/\"}]}<\/script>\n<!-- \/ Yoast SEO plugin. -->","yoast_head_json":{"title":"Greetings from Valencia: QUARKS at INTED 2026 - QUARKS","description":"The all about QUARKS team from TU Dresden presented their mentoring research for the emerging quantum workforce at the international INTED2026 education conference in Valencia.","robots":{"index":"index","follow":"follow","max-snippet":"max-snippet:-1","max-image-preview":"max-image-preview:large","max-video-preview":"max-video-preview:-1"},"canonical":"https:\/\/allaboutquarks.de\/de\/quarks-inted2026-valencia\/","og_locale":"de_DE","og_type":"article","og_title":"Greetings from Valencia: QUARKS at INTED 2026 - QUARKS","og_description":"The all about QUARKS team from TU Dresden presented their mentoring research for the emerging quantum workforce at the international INTED2026 education conference in Valencia.","og_url":"https:\/\/allaboutquarks.de\/de\/quarks-inted2026-valencia\/","og_site_name":"QUARKS","article_published_time":"2026-03-10T15:20:39+00:00","article_modified_time":"2026-03-18T08:33:09+00:00","og_image":[{"width":1024,"height":768,"url":"https:\/\/allaboutquarks.de\/wp-content\/uploads\/2026\/03\/INTED-bearbeitet.jpg","type":"image\/jpeg"}],"author":"Sarah M\u00fchlbach","twitter_card":"summary_large_image","twitter_creator":"@allaboutquarks","twitter_site":"@allaboutquarks","twitter_misc":{"Verfasst von":"Sarah M\u00fchlbach","Gesch\u00e4tzte Lesezeit":"2\u00a0Minuten"},"schema":{"@context":"https:\/\/schema.org","@graph":[{"@type":"Article","@id":"https:\/\/allaboutquarks.de\/quarks-inted2026-valencia\/#article","isPartOf":{"@id":"https:\/\/allaboutquarks.de\/quarks-inted2026-valencia\/"},"author":{"name":"Sarah M\u00fchlbach","@id":"https:\/\/allaboutquarks.de\/#\/schema\/person\/4c1a63dc67d87963d8d0074c767f477d"},"headline":"Greetings from Valencia: QUARKS at INTED 2026","datePublished":"2026-03-10T15:20:39+00:00","dateModified":"2026-03-18T08:33:09+00:00","mainEntityOfPage":{"@id":"https:\/\/allaboutquarks.de\/quarks-inted2026-valencia\/"},"wordCount":234,"publisher":{"@id":"https:\/\/allaboutquarks.de\/#organization"},"image":{"@id":"https:\/\/allaboutquarks.de\/quarks-inted2026-valencia\/#primaryimage"},"thumbnailUrl":"https:\/\/allaboutquarks.de\/wp-content\/uploads\/2026\/03\/INTED-bearbeitet.jpg","keywords":["society"],"articleSection":["Events"],"inLanguage":"de"},{"@type":"WebPage","@id":"https:\/\/allaboutquarks.de\/quarks-inted2026-valencia\/","url":"https:\/\/allaboutquarks.de\/quarks-inted2026-valencia\/","name":"Greetings from Valencia: QUARKS at INTED 2026 - QUARKS","isPartOf":{"@id":"https:\/\/allaboutquarks.de\/#website"},"primaryImageOfPage":{"@id":"https:\/\/allaboutquarks.de\/quarks-inted2026-valencia\/#primaryimage"},"image":{"@id":"https:\/\/allaboutquarks.de\/quarks-inted2026-valencia\/#primaryimage"},"thumbnailUrl":"https:\/\/allaboutquarks.de\/wp-content\/uploads\/2026\/03\/INTED-bearbeitet.jpg","datePublished":"2026-03-10T15:20:39+00:00","dateModified":"2026-03-18T08:33:09+00:00","description":"The all about QUARKS team from TU Dresden presented their mentoring research for the emerging quantum workforce at the international INTED2026 education conference in Valencia.","breadcrumb":{"@id":"https:\/\/allaboutquarks.de\/quarks-inted2026-valencia\/#breadcrumb"},"inLanguage":"de","potentialAction":[{"@type":"ReadAction","target":["https:\/\/allaboutquarks.de\/quarks-inted2026-valencia\/"]}]},{"@type":"ImageObject","inLanguage":"de","@id":"https:\/\/allaboutquarks.de\/quarks-inted2026-valencia\/#primaryimage","url":"https:\/\/allaboutquarks.de\/wp-content\/uploads\/2026\/03\/INTED-bearbeitet.jpg","contentUrl":"https:\/\/allaboutquarks.de\/wp-content\/uploads\/2026\/03\/INTED-bearbeitet.jpg","width":1024,"height":768},{"@type":"BreadcrumbList","@id":"https:\/\/allaboutquarks.de\/quarks-inted2026-valencia\/#breadcrumb","itemListElement":[{"@type":"ListItem","position":1,"name":"Home","item":"https:\/\/allaboutquarks.de\/"},{"@type":"ListItem","position":2,"name":"Greetings from Valencia: QUARKS at INTED 2026"}]},{"@type":"WebSite","@id":"https:\/\/allaboutquarks.de\/#website","url":"https:\/\/allaboutquarks.de\/","name":"All about QUARKS","description":"QRK","publisher":{"@id":"https:\/\/allaboutquarks.de\/#organization"},"potentialAction":[{"@type":"SearchAction","target":{"@type":"EntryPoint","urlTemplate":"https:\/\/allaboutquarks.de\/?s={search_term_string}"},"query-input":{"@type":"PropertyValueSpecification","valueRequired":true,"valueName":"search_term_string"}}],"inLanguage":"de"},{"@type":"Organization","@id":"https:\/\/allaboutquarks.de\/#organization","name":"QUARKS \u2013 Quantum Communication Networks","alternateName":"QUARKS","url":"https:\/\/allaboutquarks.de\/","logo":{"@type":"ImageObject","inLanguage":"de","@id":"https:\/\/allaboutquarks.de\/#\/schema\/logo\/image\/","url":"https:\/\/allaboutquarks.de\/wp-content\/uploads\/2025\/02\/20241218_QRK_Logo-Subline_wht-bkl_screen.png","contentUrl":"https:\/\/allaboutquarks.de\/wp-content\/uploads\/2025\/02\/20241218_QRK_Logo-Subline_wht-bkl_screen.png","width":9540,"height":2973,"caption":"QUARKS \u2013 Quantum Communication Networks"},"image":{"@id":"https:\/\/allaboutquarks.de\/#\/schema\/logo\/image\/"},"sameAs":["https:\/\/x.com\/allaboutquarks","https:\/\/www.linkedin.com\/company\/allaboutquarks","https:\/\/www.instagram.com\/allaboutquarks\/"]},{"@type":"Person","@id":"https:\/\/allaboutquarks.de\/#\/schema\/person\/4c1a63dc67d87963d8d0074c767f477d","name":"Sarah M\u00fchlbach","image":{"@type":"ImageObject","inLanguage":"de","@id":"https:\/\/secure.gravatar.com\/avatar\/27d44e0841a38e2a7fe29b5aecb7f929b436e58c6c7d048ed2c5475f03a5f22f?s=96&d=mm&r=g","url":"https:\/\/secure.gravatar.com\/avatar\/27d44e0841a38e2a7fe29b5aecb7f929b436e58c6c7d048ed2c5475f03a5f22f?s=96&d=mm&r=g","contentUrl":"https:\/\/secure.gravatar.com\/avatar\/27d44e0841a38e2a7fe29b5aecb7f929b436e58c6c7d048ed2c5475f03a5f22f?s=96&d=mm&r=g","caption":"Sarah M\u00fchlbach"},"url":"https:\/\/allaboutquarks.de\/de\/author\/sarahm\/"}]}},"_links":{"self":[{"href":"https:\/\/allaboutquarks.de\/de\/wp-json\/wp\/v2\/posts\/7925","targetHints":{"allow":["GET"]}}],"collection":[{"href":"https:\/\/allaboutquarks.de\/de\/wp-json\/wp\/v2\/posts"}],"about":[{"href":"https:\/\/allaboutquarks.de\/de\/wp-json\/wp\/v2\/types\/post"}],"author":[{"embeddable":true,"href":"https:\/\/allaboutquarks.de\/de\/wp-json\/wp\/v2\/users\/12"}],"replies":[{"embeddable":true,"href":"https:\/\/allaboutquarks.de\/de\/wp-json\/wp\/v2\/comments?post=7925"}],"version-history":[{"count":0,"href":"https:\/\/allaboutquarks.de\/de\/wp-json\/wp\/v2\/posts\/7925\/revisions"}],"wp:featuredmedia":[{"embeddable":true,"href":"https:\/\/allaboutquarks.de\/de\/wp-json\/wp\/v2\/media\/7926"}],"wp:attachment":[{"href":"https:\/\/allaboutquarks.de\/de\/wp-json\/wp\/v2\/media?parent=7925"}],"wp:term":[{"taxonomy":"category","embeddable":true,"href":"https:\/\/allaboutquarks.de\/de\/wp-json\/wp\/v2\/categories?post=7925"},{"taxonomy":"post_tag","embeddable":true,"href":"https:\/\/allaboutquarks.de\/de\/wp-json\/wp\/v2\/tags?post=7925"}],"curies":[{"name":"wp","href":"https:\/\/api.w.org\/{rel}","templated":true}]}}